{"id":1815,"date":"2023-08-02T17:28:39","date_gmt":"2023-08-02T21:28:39","guid":{"rendered":"https:\/\/www.globexcourier.com\/metier-responsable-logistique\/"},"modified":"2025-11-25T16:08:53","modified_gmt":"2025-11-25T21:08:53","slug":"metier-responsable-logistique","status":"publish","type":"post","link":"https:\/\/www.globexcourier.com\/fr\/nouvelles\/metier-responsable-logistique\/","title":{"rendered":"Le m\u00e9tier de responsable logistique\u00a0: cl\u00e9 des op\u00e9rations logistiques"},"content":{"rendered":"\n<p>Vous cherchez \u00e0 garantir le bon fonctionnement de votre entreprise industrielle\u2009? Ne cherchez plus\u2009! Le responsable logistique est l\u2019homme de la situation. Avec des t\u00e2ches et des responsabilit\u00e9s de plus en plus polyvalentes, ce professionnel est devenu un acteur majeur de la cha\u00eene d\u2019approvisionnement. Mais comment se positionne-t-il au c\u0153ur des interactions avec les partenaires commerciaux et les diff\u00e9rents acteurs de l\u2019entreprise\u2009?<\/p>\n\n\n\n<p>Globex, votre <a href=\"https:\/\/www.globexcourier.com\/fr\/\" target=\"_blank\" rel=\"noreferrer noopener\">compagnie de livraison de colis au Canada<\/a>, vous guide \u00e0 travers les coulisses de ce m\u00e9tier essentiel de la logistique. Alors pr\u00e9parez-vous \u00e0 d\u00e9couvrir un univers o\u00f9 la gestion des op\u00e9rations, la coordination des flux et la recherche de l\u2019efficacit\u00e9 sont les cl\u00e9s d\u2019une performance exceptionnelle.<\/p>\n\n\n\n<p><\/p>\n\n\n\n<hr class=\"wp-block-separator has-alpha-channel-opacity\"\/>\n\n\n\n<h2 class=\"wp-block-heading\">Qu\u2019est-ce qu\u2019un responsable logistique\u2009?<\/h2>\n\n\n\n<p>Le responsable logistique occupe une place cruciale dans les entreprises, administrations et autres secteurs o\u00f9 la circulation de marchandises est une composante essentielle. Ce m\u00e9tier implique une \u00e9troite collaboration avec d\u2019autres acteurs de la cha\u00eene d\u2019approvisionnement pour assurer une coordination efficace des flux de marchandises, une gestion optimale des stocks et des n\u00e9gociations r\u00e9ussies avec les partenaires. V\u00e9ritable cl\u00e9 de r\u00e9ussite logistique, ce <a href=\"https:\/\/www.globexcourier.com\/nouvelles\/metiers-du-transport-et-de-la-logistique\/\" target=\"_blank\" rel=\"noreferrer noopener\">m\u00e9tier essentiel du transport et de la logistique<\/a> veille \u00e0 la performance globale de l\u2019entreprise et contribue grandement \u00e0 la prosp\u00e9rit\u00e9 d\u2019une entreprise.<\/p>\n\n\n\n<p><\/p>\n\n\n\n<hr class=\"wp-block-separator has-alpha-channel-opacity\"\/>\n\n\n\n<h2 class=\"wp-block-heading\">Que fait un responsable logistique&nbsp;: responsabilit\u00e9s et t\u00e2ches<\/h2>\n\n\n\n<p>Le m\u00e9tier de responsable logistique tourne autour de plusieurs axes. Il jongle ainsi avec diverses missions et assure la coordination d\u2019une \u00e9quipe dynamique. Son objectif\u2009? Optimiser, organiser et superviser les flux \u00e0 tous les niveaux. Ses priorit\u00e9s sont claires&nbsp;:<\/p>\n\n\n\n<ul class=\"wp-block-list\">\n<li>G\u00e9rer efficacement les stocks,<\/li>\n\n\n\n<li>R\u00e9duire les co\u00fbts,<\/li>\n\n\n\n<li>Minimiser voire \u00e9viter les <a href=\"https:\/\/www.globexcourier.com\/nouvelles\/causes-retard-de-livraison\/\" target=\"_blank\" rel=\"noreferrer noopener\">retards de livraison<\/a>, etc.<\/li>\n<\/ul>\n\n\n\n<p>Mais ce n\u2019est pas tout. En effet, \u00eatre responsable logistique, c\u2019est d\u00e9montrer des comp\u00e9tences analytiques et organisationnelles exceptionnelles. On parle de capacit\u00e9s d\u2019adaptation solides, car il peut travailler dans des secteurs aussi divers que l\u2019industrie, le commerce, voire m\u00eame le secteur public. Plongeons maintenant dans les d\u00e9tails de ce m\u00e9tier passionnant\u2009!<\/p>\n\n\n\n<p><\/p>\n\n\n\n<hr class=\"wp-block-separator has-alpha-channel-opacity\"\/>\n\n\n\n<h3 class=\"wp-block-heading\">1. La Gestion des op\u00e9rations logistiques<\/h3>\n\n\n\n<p>En effet, le r\u00f4le du responsable logistique consiste \u00e0 superviser et g\u00e9rer efficacement diverses op\u00e9rations logistiques afin d\u2019assurer une cha\u00eene d\u2019approvisionnement fluide et performante. Ses principales responsabilit\u00e9s et t\u00e2ches comprennent&nbsp;:<\/p>\n\n\n\n<ul class=\"wp-block-list\">\n<li><strong>La planification et coordination des flux de marchandises&nbsp;: <\/strong>le responsable logistique organise les transports, le stockage et les livraisons de mani\u00e8re optimale, en collaboration avec les autres d\u00e9partements et partenaires.<\/li>\n\n\n\n<li><strong>La supervision des entrep\u00f4ts et des stocks<\/strong>&nbsp;: il g\u00e8re efficacement les stocks, veille \u00e0 la bonne organisation et \u00e0 la s\u00e9curit\u00e9 des entrep\u00f4ts, tout en respectant les proc\u00e9dures de r\u00e9ception, stockage et pr\u00e9paration des commandes.<\/li>\n\n\n\n<li><strong>L\u2019optimisation des processus de transport et de livraison<\/strong>&nbsp;: le responsable logistique cherche toujours \u00e0 am\u00e9liorer l\u2019efficacit\u00e9 des op\u00e9rations de transport. L\u2019objectif est de maintenir la qualit\u00e9 des services de livraison \u00e0 <a href=\"https:\/\/www.globexcourier.com\/fr\/rates\/\" target=\"_blank\" rel=\"noreferrer noopener\">tarifs<\/a> avantageux.<\/li>\n<\/ul>\n\n\n\n<p><\/p>\n\n\n\n<hr class=\"wp-block-separator has-alpha-channel-opacity\"\/>\n\n\n\n<h3 class=\"wp-block-heading\">2. La gestion de la cha\u00eene d\u2019approvisionnement<\/h3>\n\n\n\n<p>R\u00f4le crucial du responsable logistique dans la gestion de la cha\u00eene d\u2019approvisionnement, le responsable logistique s\u00e9lectionne soigneusement les fournisseurs, n\u00e9gocie les contrats et met en place des proc\u00e9dures de contr\u00f4le qualit\u00e9. Il assure \u00e9galement une gestion efficace des relations avec les transporteurs et <a href=\"https:\/\/www.globexcourier.com\/fr\/services\/globex-logistics\/\" target=\"_blank\" rel=\"noreferrer noopener\">prestataires logistiques<\/a>, veillant \u00e0 leur respect des termes du contrat.<\/p>\n\n\n\n<p>En surveillant les co\u00fbts logistiques, il identifie les opportunit\u00e9s d\u2019optimisation et met en place des mesures pour r\u00e9duire les d\u00e9penses superflues tout en pr\u00e9servant la qualit\u00e9 des services. Ces responsabilit\u00e9s sont essentielles pour garantir une cha\u00eene d\u2019approvisionnement efficace, fiable et rentable.<\/p>\n\n\n\n<p><\/p>\n\n\n\n<hr class=\"wp-block-separator has-alpha-channel-opacity\"\/>\n\n\n\n<h3 class=\"wp-block-heading\">3. La gestion des \u00e9quipes et des ressources<\/h3>\n\n\n\n<p>Le responsable logistique joue un r\u00f4le crucial dans la gestion des \u00e9quipes et des ressources. Pour mener \u00e0 bien cette mission, il doit&nbsp;:<\/p>\n\n\n\n<ul class=\"wp-block-list\">\n<li><strong>Recruter et superviser le personnel logistique<\/strong> en&nbsp;identifiant les comp\u00e9tences n\u00e9cessaires, en menant des entretiens et en s\u00e9lectionnant les candidats qualifi\u00e9s.<\/li>\n\n\n\n<li><strong>Assurer leur formation continue et \u00e9value leurs performances tout en veillant au d\u00e9veloppement de leurs comp\u00e9tences.<\/strong><\/li>\n\n\n\n<li><strong>Se tenir inform\u00e9 des \u00e9volutions technologiques<\/strong> et des meilleures pratiques du secteur pour maintenir l\u2019\u00e9quipe comp\u00e9titive.<\/li>\n\n\n\n<li><strong>Cr\u00e9er un environnement d\u2019apprentissage propice<\/strong> \u00e0 l\u2019\u00e9panouissement professionnel des collaborateurs.<\/li>\n\n\n\n<li><strong>Planifier les besoins en main-d\u2019\u0153uvre et en mat\u00e9riel.<\/strong><\/li>\n\n\n\n<li><strong>Pr\u00e9voir la charge de travail.<\/strong><\/li>\n\n\n\n<li><strong>Coordonner l\u2019acquisition et l\u2019utilisation efficace des \u00e9quipements<\/strong>, v\u00e9hicules, technologies et infrastructures n\u00e9cessaires pour soutenir les activit\u00e9s logistiques.<\/li>\n<\/ul>\n\n\n\n<p><\/p>\n\n\n\n<hr class=\"wp-block-separator has-alpha-channel-opacity\"\/>\n\n\n\n<h2 class=\"wp-block-heading\">Comp\u00e9tences et qualit\u00e9s du responsable logistique<\/h2>\n\n\n\n<p>Le responsable logistique est le pilote des flux de marchandises, ax\u00e9 sur la performance. Il pr\u00e9voit, coordonne et n\u00e9gocie pour assurer une activit\u00e9 fluide. En tant que chef d\u2019\u00e9quipe, il dirige avec attention, organise et \u00e9coute attentivement. Ma\u00eetrisant l\u2019anglais et les aspects du droit commercial, il agit en tant qu\u2019interm\u00e9diaire entre les fronti\u00e8res et les assureurs, notamment pour les <a href=\"https:\/\/www.globexcourier.com\/fr\/services\/livraison-colis-international\/\" target=\"_blank\" rel=\"noreferrer noopener\">services de livraison de colis international<\/a>. Ce type de service n\u00e9cessite une certaine organisation au niveau des <a href=\"https:\/\/www.globexcourier.com\/fr\/formulaires-douaniers\/\" target=\"_blank\" rel=\"noreferrer noopener\">formulaires douaniers<\/a> par exemple.<\/p>\n\n\n\n<p>Par ailleurs le m\u00e9tier de responsable logistique implique de s\u2019assurer que toutes les op\u00e9rations respectent les normes et r\u00e9glementations logistiques, \u00e9liminant ainsi les obstacles juridiques et op\u00e9rationnels. S\u00e9curit\u00e9, qualit\u00e9, douanes, transport, stockage, et environnement ne doivent plus avoir de secret pour lui\u2009!<\/p>\n\n\n\n<p>Les qualit\u00e9s essentielles du responsable logistique comprennent&nbsp;:<\/p>\n\n\n\n<ul class=\"wp-block-list\">\n<li>Capacit\u00e9 \u00e0 planifier et organiser efficacement les activit\u00e9s logistiques,<\/li>\n\n\n\n<li>Prise de d\u00e9cisions strat\u00e9giques et r\u00e9solution de probl\u00e8mes,<\/li>\n\n\n\n<li>Excellentes comp\u00e9tences en communication et en leadership,<\/li>\n\n\n\n<li>Maitrise des outils de gestion et des syst\u00e8mes d\u2019information logistique<\/li>\n\n\n\n<li>Sens de l\u2019organisation et rigueur,<\/li>\n\n\n\n<li>Capacit\u00e9 \u00e0 travailler sous pression et \u00e0 g\u00e9rer les priorit\u00e9s,<\/li>\n\n\n\n<li>Bon esprit d\u2019\u00e9quipe et diplomatie.<\/li>\n<\/ul>\n\n\n\n<p>Vous l\u2019aurez compris, de la gestion des stocks \u00e0 la planification des ressources en passant par le suivi des exp\u00e9ditions, il doit ma\u00eetriser tous les aspects.<\/p>\n\n\n\n<hr class=\"wp-block-separator has-alpha-channel-opacity\"\/>\n\n\n\n<h2 class=\"wp-block-heading\">Optez pour l\u2019excellence avec Globex Courrier&nbsp;: Votre partenaire logistique \u00e0 l\u2019international<\/h2>\n\n\n\n<p>La r\u00e9ussite des livraisons de colis et de marchandises repose essentiellement sur la logistique et le transport. Dans un contexte mondialis\u00e9 et en constante \u00e9volution des affaires, le r\u00f4le du responsable logistique rev\u00eat une importance cruciale pour am\u00e9liorer les performances de votre entreprise.<\/p>\n\n\n\n<p>Si vous souhaitez optimiser le flux des marchandises au sein de votre entreprise, ne cherchez plus\u2009! Globex Courrier se pr\u00e9sente comme le partenaire logistique id\u00e9al pour vous aider \u00e0 atteindre vos objectifs professionnels, en termes de <a href=\"https:\/\/www.globexcourier.com\/fr\/services\/service-local-a-quebec\/\" target=\"_blank\" rel=\"noreferrer noopener\">transport de marchandises au Qu\u00e9bec<\/a> ou ailleurs dans le monde.<\/p>\n\n\n\n<p>N\u2019h\u00e9sitez pas \u00e0 <a href=\"https:\/\/www.globexcourier.com\/fr\/contact\/\" target=\"_blank\" rel=\"noreferrer noopener\">nous contacter<\/a> d\u00e8s maintenant afin de d\u00e9couvrir comment nous pouvons contribuer \u00e0 la prosp\u00e9rit\u00e9 de votre entreprise. Choisissez Globex Courrier pour dynamiser vos activit\u00e9s dans la logistique et le transport\u2009!<\/p>\n\n\n\n<p><\/p>\n","protected":false},"excerpt":{"rendered":"<p>Vous cherchez \u00e0 garantir le bon fonctionnement de votre entreprise industrielle\u2009? Ne cherchez plus\u2009! Le responsable logistique est l\u2019homme de la situation. Avec des t\u00e2ches et des responsabilit\u00e9s de plus en plus polyvalentes, ce professionnel est devenu un acteur majeur de la cha\u00eene d\u2019approvisionnement. Mais comment se positionne-t-il au c\u0153ur des interactions avec les partenaires [&hellip;]<\/p>\n","protected":false},"author":4,"featured_media":979,"comment_status":"open","ping_status":"open","sticky":false,"template":"","format":"standard","meta":{"_acf_changed":false,"footnotes":""},"categories":[33],"tags":[],"class_list":["post-1815","post","type-post","status-publish","format-standard","has-post-thumbnail","hentry","category-logistique-innovation"],"acf":[],"yoast_head":"<!-- This site is optimized with the Yoast SEO plugin v27.3 - https:\/\/yoast.com\/product\/yoast-seo-wordpress\/ -->\n<title>Responsable logistique : un pilier de la cha\u00eene d\u2019approvisionnement<\/title>\n<meta name=\"description\" content=\"D\u00e9couvrez tout ce qu\u2019il faut savoir sur le m\u00e9tier de responsable logistique, un acteur majeur de la cha\u00eene d\u2019approvisionnement.\" \/>\n<meta name=\"robots\" content=\"index, follow, max-snippet:-1, max-image-preview:large, max-video-preview:-1\" \/>\n<link rel=\"canonical\" href=\"https:\/\/www.globexcourier.com\/fr\/nouvelles\/metier-responsable-logistique\/\" \/>\n<meta property=\"og:locale\" content=\"fr_CA\" \/>\n<meta property=\"og:type\" content=\"article\" \/>\n<meta property=\"og:title\" content=\"Responsable logistique : un pilier de la cha\u00eene d\u2019approvisionnement\" \/>\n<meta property=\"og:description\" content=\"D\u00e9couvrez tout ce qu\u2019il faut savoir sur le m\u00e9tier de responsable logistique, un acteur majeur de la cha\u00eene d\u2019approvisionnement.\" \/>\n<meta property=\"og:url\" content=\"https:\/\/www.globexcourier.com\/fr\/nouvelles\/metier-responsable-logistique\/\" \/>\n<meta property=\"og:site_name\" content=\"Globex\" \/>\n<meta property=\"article:published_time\" content=\"2023-08-02T21:28:39+00:00\" \/>\n<meta property=\"article:modified_time\" content=\"2025-11-25T21:08:53+00:00\" \/>\n<meta property=\"og:image\" content=\"https:\/\/www.globexcourier.com\/wp-content\/uploads\/2024\/03\/responsable-logistique-1.jpg\" \/>\n\t<meta property=\"og:image:width\" content=\"1000\" \/>\n\t<meta property=\"og:image:height\" content=\"668\" \/>\n\t<meta property=\"og:image:type\" content=\"image\/jpeg\" \/>\n<meta name=\"author\" content=\"Awa Traore\" \/>\n<meta name=\"twitter:card\" content=\"summary_large_image\" \/>\n<meta name=\"twitter:label1\" content=\"\u00c9crit par\" \/>\n\t<meta name=\"twitter:data1\" content=\"Awa Traore\" \/>\n\t<meta name=\"twitter:label2\" content=\"Estimation du temps de lecture\" \/>\n\t<meta name=\"twitter:data2\" content=\"5 minutes\" \/>\n<script type=\"application\/ld+json\" class=\"yoast-schema-graph\">{\"@context\":\"https:\\\/\\\/schema.org\",\"@graph\":[{\"@type\":\"Article\",\"@id\":\"https:\\\/\\\/www.globexcourier.com\\\/fr\\\/nouvelles\\\/metier-responsable-logistique\\\/#article\",\"isPartOf\":{\"@id\":\"https:\\\/\\\/www.globexcourier.com\\\/fr\\\/nouvelles\\\/metier-responsable-logistique\\\/\"},\"author\":{\"name\":\"Awa Traore\",\"@id\":\"https:\\\/\\\/www.globexcourier.com\\\/fr\\\/#\\\/schema\\\/person\\\/fd47d79c8f8abf3c602e594b2efc22ab\"},\"headline\":\"Le m\u00e9tier de responsable logistique\u00a0: cl\u00e9 des op\u00e9rations logistiques\",\"datePublished\":\"2023-08-02T21:28:39+00:00\",\"dateModified\":\"2025-11-25T21:08:53+00:00\",\"mainEntityOfPage\":{\"@id\":\"https:\\\/\\\/www.globexcourier.com\\\/fr\\\/nouvelles\\\/metier-responsable-logistique\\\/\"},\"wordCount\":1172,\"commentCount\":0,\"publisher\":{\"@id\":\"https:\\\/\\\/www.globexcourier.com\\\/fr\\\/#organization\"},\"image\":{\"@id\":\"https:\\\/\\\/www.globexcourier.com\\\/fr\\\/nouvelles\\\/metier-responsable-logistique\\\/#primaryimage\"},\"thumbnailUrl\":\"https:\\\/\\\/www.globexcourier.com\\\/wp-content\\\/uploads\\\/2024\\\/03\\\/responsable-logistique-1.jpg\",\"articleSection\":[\"Logistique &amp; Innovation\"],\"inLanguage\":\"fr-CA\",\"potentialAction\":[{\"@type\":\"CommentAction\",\"name\":\"Comment\",\"target\":[\"https:\\\/\\\/www.globexcourier.com\\\/fr\\\/nouvelles\\\/metier-responsable-logistique\\\/#respond\"]}]},{\"@type\":\"WebPage\",\"@id\":\"https:\\\/\\\/www.globexcourier.com\\\/fr\\\/nouvelles\\\/metier-responsable-logistique\\\/\",\"url\":\"https:\\\/\\\/www.globexcourier.com\\\/fr\\\/nouvelles\\\/metier-responsable-logistique\\\/\",\"name\":\"Responsable logistique : un pilier de la cha\u00eene d\u2019approvisionnement\",\"isPartOf\":{\"@id\":\"https:\\\/\\\/www.globexcourier.com\\\/fr\\\/#website\"},\"primaryImageOfPage\":{\"@id\":\"https:\\\/\\\/www.globexcourier.com\\\/fr\\\/nouvelles\\\/metier-responsable-logistique\\\/#primaryimage\"},\"image\":{\"@id\":\"https:\\\/\\\/www.globexcourier.com\\\/fr\\\/nouvelles\\\/metier-responsable-logistique\\\/#primaryimage\"},\"thumbnailUrl\":\"https:\\\/\\\/www.globexcourier.com\\\/wp-content\\\/uploads\\\/2024\\\/03\\\/responsable-logistique-1.jpg\",\"datePublished\":\"2023-08-02T21:28:39+00:00\",\"dateModified\":\"2025-11-25T21:08:53+00:00\",\"description\":\"D\u00e9couvrez tout ce qu\u2019il faut savoir sur le m\u00e9tier de responsable logistique, un acteur majeur de la cha\u00eene d\u2019approvisionnement.\",\"breadcrumb\":{\"@id\":\"https:\\\/\\\/www.globexcourier.com\\\/fr\\\/nouvelles\\\/metier-responsable-logistique\\\/#breadcrumb\"},\"inLanguage\":\"fr-CA\",\"potentialAction\":[{\"@type\":\"ReadAction\",\"target\":[\"https:\\\/\\\/www.globexcourier.com\\\/fr\\\/nouvelles\\\/metier-responsable-logistique\\\/\"]}]},{\"@type\":\"ImageObject\",\"inLanguage\":\"fr-CA\",\"@id\":\"https:\\\/\\\/www.globexcourier.com\\\/fr\\\/nouvelles\\\/metier-responsable-logistique\\\/#primaryimage\",\"url\":\"https:\\\/\\\/www.globexcourier.com\\\/wp-content\\\/uploads\\\/2024\\\/03\\\/responsable-logistique-1.jpg\",\"contentUrl\":\"https:\\\/\\\/www.globexcourier.com\\\/wp-content\\\/uploads\\\/2024\\\/03\\\/responsable-logistique-1.jpg\",\"width\":1000,\"height\":668,\"caption\":\"responsable-logistique\"},{\"@type\":\"BreadcrumbList\",\"@id\":\"https:\\\/\\\/www.globexcourier.com\\\/fr\\\/nouvelles\\\/metier-responsable-logistique\\\/#breadcrumb\",\"itemListElement\":[{\"@type\":\"ListItem\",\"position\":1,\"name\":\"Accueil\",\"item\":\"https:\\\/\\\/www.globexcourier.com\\\/fr\\\/\"},{\"@type\":\"ListItem\",\"position\":2,\"name\":\"Le m\u00e9tier de responsable logistique\u00a0: cl\u00e9 des op\u00e9rations logistiques\"}]},{\"@type\":\"WebSite\",\"@id\":\"https:\\\/\\\/www.globexcourier.com\\\/fr\\\/#website\",\"url\":\"https:\\\/\\\/www.globexcourier.com\\\/fr\\\/\",\"name\":\"Globex\",\"description\":\"\",\"publisher\":{\"@id\":\"https:\\\/\\\/www.globexcourier.com\\\/fr\\\/#organization\"},\"potentialAction\":[{\"@type\":\"SearchAction\",\"target\":{\"@type\":\"EntryPoint\",\"urlTemplate\":\"https:\\\/\\\/www.globexcourier.com\\\/fr\\\/?s={search_term_string}\"},\"query-input\":{\"@type\":\"PropertyValueSpecification\",\"valueRequired\":true,\"valueName\":\"search_term_string\"}}],\"inLanguage\":\"fr-CA\"},{\"@type\":\"Organization\",\"@id\":\"https:\\\/\\\/www.globexcourier.com\\\/fr\\\/#organization\",\"name\":\"Globex\",\"url\":\"https:\\\/\\\/www.globexcourier.com\\\/fr\\\/\",\"logo\":{\"@type\":\"ImageObject\",\"inLanguage\":\"fr-CA\",\"@id\":\"https:\\\/\\\/www.globexcourier.com\\\/fr\\\/#\\\/schema\\\/logo\\\/image\\\/\",\"url\":\"https:\\\/\\\/www.globexcourier.com\\\/wp-content\\\/uploads\\\/2024\\\/03\\\/Logo-bleu.svg\",\"contentUrl\":\"https:\\\/\\\/www.globexcourier.com\\\/wp-content\\\/uploads\\\/2024\\\/03\\\/Logo-bleu.svg\",\"caption\":\"Globex\"},\"image\":{\"@id\":\"https:\\\/\\\/www.globexcourier.com\\\/fr\\\/#\\\/schema\\\/logo\\\/image\\\/\"}},{\"@type\":\"Person\",\"@id\":\"https:\\\/\\\/www.globexcourier.com\\\/fr\\\/#\\\/schema\\\/person\\\/fd47d79c8f8abf3c602e594b2efc22ab\",\"name\":\"Awa Traore\",\"image\":{\"@type\":\"ImageObject\",\"inLanguage\":\"fr-CA\",\"@id\":\"https:\\\/\\\/secure.gravatar.com\\\/avatar\\\/5927316f4bbbf4b39f3df8f49a1b3a0326d3a735e5262baadd827e0abac98cc9?s=96&d=mm&r=g\",\"url\":\"https:\\\/\\\/secure.gravatar.com\\\/avatar\\\/5927316f4bbbf4b39f3df8f49a1b3a0326d3a735e5262baadd827e0abac98cc9?s=96&d=mm&r=g\",\"contentUrl\":\"https:\\\/\\\/secure.gravatar.com\\\/avatar\\\/5927316f4bbbf4b39f3df8f49a1b3a0326d3a735e5262baadd827e0abac98cc9?s=96&d=mm&r=g\",\"caption\":\"Awa Traore\"},\"sameAs\":[\"https:\\\/\\\/www.globexcourier.com\\\/\"]}]}<\/script>\n<!-- \/ Yoast SEO plugin. -->","yoast_head_json":{"title":"Responsable logistique : un pilier de la cha\u00eene d\u2019approvisionnement","description":"D\u00e9couvrez tout ce qu\u2019il faut savoir sur le m\u00e9tier de responsable logistique, un acteur majeur de la cha\u00eene d\u2019approvisionnement.","robots":{"index":"index","follow":"follow","max-snippet":"max-snippet:-1","max-image-preview":"max-image-preview:large","max-video-preview":"max-video-preview:-1"},"canonical":"https:\/\/www.globexcourier.com\/fr\/nouvelles\/metier-responsable-logistique\/","og_locale":"fr_CA","og_type":"article","og_title":"Responsable logistique : un pilier de la cha\u00eene d\u2019approvisionnement","og_description":"D\u00e9couvrez tout ce qu\u2019il faut savoir sur le m\u00e9tier de responsable logistique, un acteur majeur de la cha\u00eene d\u2019approvisionnement.","og_url":"https:\/\/www.globexcourier.com\/fr\/nouvelles\/metier-responsable-logistique\/","og_site_name":"Globex","article_published_time":"2023-08-02T21:28:39+00:00","article_modified_time":"2025-11-25T21:08:53+00:00","og_image":[{"width":1000,"height":668,"url":"https:\/\/www.globexcourier.com\/wp-content\/uploads\/2024\/03\/responsable-logistique-1.jpg","type":"image\/jpeg"}],"author":"Awa Traore","twitter_card":"summary_large_image","twitter_misc":{"\u00c9crit par":"Awa Traore","Estimation du temps de lecture":"5 minutes"},"schema":{"@context":"https:\/\/schema.org","@graph":[{"@type":"Article","@id":"https:\/\/www.globexcourier.com\/fr\/nouvelles\/metier-responsable-logistique\/#article","isPartOf":{"@id":"https:\/\/www.globexcourier.com\/fr\/nouvelles\/metier-responsable-logistique\/"},"author":{"name":"Awa Traore","@id":"https:\/\/www.globexcourier.com\/fr\/#\/schema\/person\/fd47d79c8f8abf3c602e594b2efc22ab"},"headline":"Le m\u00e9tier de responsable logistique\u00a0: cl\u00e9 des op\u00e9rations logistiques","datePublished":"2023-08-02T21:28:39+00:00","dateModified":"2025-11-25T21:08:53+00:00","mainEntityOfPage":{"@id":"https:\/\/www.globexcourier.com\/fr\/nouvelles\/metier-responsable-logistique\/"},"wordCount":1172,"commentCount":0,"publisher":{"@id":"https:\/\/www.globexcourier.com\/fr\/#organization"},"image":{"@id":"https:\/\/www.globexcourier.com\/fr\/nouvelles\/metier-responsable-logistique\/#primaryimage"},"thumbnailUrl":"https:\/\/www.globexcourier.com\/wp-content\/uploads\/2024\/03\/responsable-logistique-1.jpg","articleSection":["Logistique &amp; Innovation"],"inLanguage":"fr-CA","potentialAction":[{"@type":"CommentAction","name":"Comment","target":["https:\/\/www.globexcourier.com\/fr\/nouvelles\/metier-responsable-logistique\/#respond"]}]},{"@type":"WebPage","@id":"https:\/\/www.globexcourier.com\/fr\/nouvelles\/metier-responsable-logistique\/","url":"https:\/\/www.globexcourier.com\/fr\/nouvelles\/metier-responsable-logistique\/","name":"Responsable logistique : un pilier de la cha\u00eene d\u2019approvisionnement","isPartOf":{"@id":"https:\/\/www.globexcourier.com\/fr\/#website"},"primaryImageOfPage":{"@id":"https:\/\/www.globexcourier.com\/fr\/nouvelles\/metier-responsable-logistique\/#primaryimage"},"image":{"@id":"https:\/\/www.globexcourier.com\/fr\/nouvelles\/metier-responsable-logistique\/#primaryimage"},"thumbnailUrl":"https:\/\/www.globexcourier.com\/wp-content\/uploads\/2024\/03\/responsable-logistique-1.jpg","datePublished":"2023-08-02T21:28:39+00:00","dateModified":"2025-11-25T21:08:53+00:00","description":"D\u00e9couvrez tout ce qu\u2019il faut savoir sur le m\u00e9tier de responsable logistique, un acteur majeur de la cha\u00eene d\u2019approvisionnement.","breadcrumb":{"@id":"https:\/\/www.globexcourier.com\/fr\/nouvelles\/metier-responsable-logistique\/#breadcrumb"},"inLanguage":"fr-CA","potentialAction":[{"@type":"ReadAction","target":["https:\/\/www.globexcourier.com\/fr\/nouvelles\/metier-responsable-logistique\/"]}]},{"@type":"ImageObject","inLanguage":"fr-CA","@id":"https:\/\/www.globexcourier.com\/fr\/nouvelles\/metier-responsable-logistique\/#primaryimage","url":"https:\/\/www.globexcourier.com\/wp-content\/uploads\/2024\/03\/responsable-logistique-1.jpg","contentUrl":"https:\/\/www.globexcourier.com\/wp-content\/uploads\/2024\/03\/responsable-logistique-1.jpg","width":1000,"height":668,"caption":"responsable-logistique"},{"@type":"BreadcrumbList","@id":"https:\/\/www.globexcourier.com\/fr\/nouvelles\/metier-responsable-logistique\/#breadcrumb","itemListElement":[{"@type":"ListItem","position":1,"name":"Accueil","item":"https:\/\/www.globexcourier.com\/fr\/"},{"@type":"ListItem","position":2,"name":"Le m\u00e9tier de responsable logistique\u00a0: cl\u00e9 des op\u00e9rations logistiques"}]},{"@type":"WebSite","@id":"https:\/\/www.globexcourier.com\/fr\/#website","url":"https:\/\/www.globexcourier.com\/fr\/","name":"Globex","description":"","publisher":{"@id":"https:\/\/www.globexcourier.com\/fr\/#organization"},"potentialAction":[{"@type":"SearchAction","target":{"@type":"EntryPoint","urlTemplate":"https:\/\/www.globexcourier.com\/fr\/?s={search_term_string}"},"query-input":{"@type":"PropertyValueSpecification","valueRequired":true,"valueName":"search_term_string"}}],"inLanguage":"fr-CA"},{"@type":"Organization","@id":"https:\/\/www.globexcourier.com\/fr\/#organization","name":"Globex","url":"https:\/\/www.globexcourier.com\/fr\/","logo":{"@type":"ImageObject","inLanguage":"fr-CA","@id":"https:\/\/www.globexcourier.com\/fr\/#\/schema\/logo\/image\/","url":"https:\/\/www.globexcourier.com\/wp-content\/uploads\/2024\/03\/Logo-bleu.svg","contentUrl":"https:\/\/www.globexcourier.com\/wp-content\/uploads\/2024\/03\/Logo-bleu.svg","caption":"Globex"},"image":{"@id":"https:\/\/www.globexcourier.com\/fr\/#\/schema\/logo\/image\/"}},{"@type":"Person","@id":"https:\/\/www.globexcourier.com\/fr\/#\/schema\/person\/fd47d79c8f8abf3c602e594b2efc22ab","name":"Awa Traore","image":{"@type":"ImageObject","inLanguage":"fr-CA","@id":"https:\/\/secure.gravatar.com\/avatar\/5927316f4bbbf4b39f3df8f49a1b3a0326d3a735e5262baadd827e0abac98cc9?s=96&d=mm&r=g","url":"https:\/\/secure.gravatar.com\/avatar\/5927316f4bbbf4b39f3df8f49a1b3a0326d3a735e5262baadd827e0abac98cc9?s=96&d=mm&r=g","contentUrl":"https:\/\/secure.gravatar.com\/avatar\/5927316f4bbbf4b39f3df8f49a1b3a0326d3a735e5262baadd827e0abac98cc9?s=96&d=mm&r=g","caption":"Awa Traore"},"sameAs":["https:\/\/www.globexcourier.com\/"]}]}},"_links":{"self":[{"href":"https:\/\/www.globexcourier.com\/fr\/wp-json\/wp\/v2\/posts\/1815","targetHints":{"allow":["GET"]}}],"collection":[{"href":"https:\/\/www.globexcourier.com\/fr\/wp-json\/wp\/v2\/posts"}],"about":[{"href":"https:\/\/www.globexcourier.com\/fr\/wp-json\/wp\/v2\/types\/post"}],"author":[{"embeddable":true,"href":"https:\/\/www.globexcourier.com\/fr\/wp-json\/wp\/v2\/users\/4"}],"replies":[{"embeddable":true,"href":"https:\/\/www.globexcourier.com\/fr\/wp-json\/wp\/v2\/comments?post=1815"}],"version-history":[{"count":3,"href":"https:\/\/www.globexcourier.com\/fr\/wp-json\/wp\/v2\/posts\/1815\/revisions"}],"predecessor-version":[{"id":2221,"href":"https:\/\/www.globexcourier.com\/fr\/wp-json\/wp\/v2\/posts\/1815\/revisions\/2221"}],"wp:featuredmedia":[{"embeddable":true,"href":"https:\/\/www.globexcourier.com\/fr\/wp-json\/wp\/v2\/media\/979"}],"wp:attachment":[{"href":"https:\/\/www.globexcourier.com\/fr\/wp-json\/wp\/v2\/media?parent=1815"}],"wp:term":[{"taxonomy":"category","embeddable":true,"href":"https:\/\/www.globexcourier.com\/fr\/wp-json\/wp\/v2\/categories?post=1815"},{"taxonomy":"post_tag","embeddable":true,"href":"https:\/\/www.globexcourier.com\/fr\/wp-json\/wp\/v2\/tags?post=1815"}],"curies":[{"name":"wp","href":"https:\/\/api.w.org\/{rel}","templated":true}]}}